{"id":2689,"date":"2019-02-04T12:15:40","date_gmt":"2019-02-04T12:15:40","guid":{"rendered":"https:\/\/zatizi.com\/?p=2689"},"modified":"2019-02-04T12:15:40","modified_gmt":"2019-02-04T12:15:40","slug":"existence-et-temps","status":"publish","type":"post","link":"https:\/\/zatizi.com\/?p=2689","title":{"rendered":"L&#8217;existence et le temps\u00a0?"},"content":{"rendered":"<p><em>Qu&#8217;est-ce que le temps selon Saint Augustin et \u00e0 quoi correspondent les trois moments du temps ?<\/em><\/p>\n<ul>\n<li>Selon Saint Augustin, le temps est la <strong>dimension de la conscience.<\/strong><\/li>\n<li>Les trois moments du temps correspondent aux trois activit\u00e9s de la conscience: <strong>attention<\/strong> au pr\u00e9sent, <strong>souvenir<\/strong> du pass\u00e9, <strong>attente<\/strong> de l&#8217;avenir.<\/li>\n<\/ul>\n<p><em>Comment la conscience s&#8217;inscrit d&#8217;elle dans le temps, d&#8217;apr\u00e8s Kant, Husserl\u00a0et Bergson\u00a0?<\/em><\/p>\n<ul>\n<li>Pour <strong>Kant<\/strong>, le temps n&#8217;est ni une intuition ni un concept, c&#8217;est la <strong>forme des perceptions<\/strong> (intuitions sensibles): nous ne pouvons percevoir les choses que sous forme de temps et d&#8217;espace.<\/li>\n<li>Pour <strong>Husserl<\/strong>, la conscience est a priori <strong>conscience intime du temps<\/strong>, ce qui lui permet d&#8217;effectuer une synth\u00e8se des diff\u00e9rents moments perceptifs, tout en gardant son identit\u00e9.<\/li>\n<li>Pour <strong>Bergson<\/strong>, il faut distinguer notre <strong>v\u00e9cu interne du temps<\/strong> (la dur\u00e9e, h\u00e9t\u00e9rog\u00e8ne et qualitative), de la <strong>spatialisation du temps<\/strong> (compr\u00e9hension du temps comme succession d&#8217;instants ponctuels, ce qui le rend homog\u00e8ne et quantifiable).<\/li>\n<\/ul>\n<p><em>Quelles sont les cons\u00e9quences de la conscience du temps sur notre existence, d&#8217;apr\u00e8s Heidegger ?<\/em><\/p>\n<ul>\n<li>Pour <strong>Heidegger<\/strong>, le temps nous permet d&#8217;<strong>exister<\/strong>, c&#8217;est-\u00e0-dire de sortir en permanence de nous-m\u00eames, de nous recr\u00e9er, en nous mettant devant la libert\u00e9 des choix possibles (l&#8217;avenir).<\/li>\n<li>La conscience de la mort engendre le <strong>souci<\/strong> du temps qui passe et qui rend chacune de nos existences uniques.<\/li>\n<\/ul>\n","protected":false},"excerpt":{"rendered":"<p>Qu&#8217;est-ce que le temps selon Saint Augustin et \u00e0 quoi correspondent les trois moments du temps ? Selon Saint Augustin, le temps est la dimension de la conscience. Les trois moments du temps correspondent aux trois activit\u00e9s de la conscience: attention au pr\u00e9sent, souvenir du pass\u00e9, attente de l&#8217;avenir. Comment la conscience s&#8217;inscrit d&#8217;elle dans [&hellip;]<\/p>\n","protected":false},"author":1,"featured_media":0,"comment_status":"open","ping_status":"open","sticky":false,"template":"","format":"standard","meta":{"footnotes":""},"categories":[43],"tags":[285,328,392,404,515,705],"persona":[],"class_list":["post-2689","post","type-post","status-publish","format-standard","hentry","category-philosophie-fr","tag-edmund-husserl","tag-existence","tag-henri-bergson","tag-immanuel-kant","tag-martin-heidegger","tag-temps","missing-thumbnail"],"_links":{"self":[{"href":"https:\/\/zatizi.com\/index.php?rest_route=\/wp\/v2\/posts\/2689","targetHints":{"allow":["GET"]}}],"collection":[{"href":"https:\/\/zatizi.com\/index.php?rest_route=\/wp\/v2\/posts"}],"about":[{"href":"https:\/\/zatizi.com\/index.php?rest_route=\/wp\/v2\/types\/post"}],"author":[{"embeddable":true,"href":"https:\/\/zatizi.com\/index.php?rest_route=\/wp\/v2\/users\/1"}],"replies":[{"embeddable":true,"href":"https:\/\/zatizi.com\/index.php?rest_route=%2Fwp%2Fv2%2Fcomments&post=2689"}],"version-history":[{"count":0,"href":"https:\/\/zatizi.com\/index.php?rest_route=\/wp\/v2\/posts\/2689\/revisions"}],"wp:attachment":[{"href":"https:\/\/zatizi.com\/index.php?rest_route=%2Fwp%2Fv2%2Fmedia&parent=2689"}],"wp:term":[{"taxonomy":"category","embeddable":true,"href":"https:\/\/zatizi.com\/index.php?rest_route=%2Fwp%2Fv2%2Fcategories&post=2689"},{"taxonomy":"post_tag","embeddable":true,"href":"https:\/\/zatizi.com\/index.php?rest_route=%2Fwp%2Fv2%2Ftags&post=2689"},{"taxonomy":"persona","embeddable":true,"href":"https:\/\/zatizi.com\/index.php?rest_route=%2Fwp%2Fv2%2Fpersona&post=2689"}],"curies":[{"name":"wp","href":"https:\/\/api.w.org\/{rel}","templated":true}]}}