{"id":2651,"date":"2019-01-31T13:25:02","date_gmt":"2019-01-31T13:25:02","guid":{"rendered":"https:\/\/zatizi.com\/?p=2651"},"modified":"2019-01-31T13:25:02","modified_gmt":"2019-01-31T13:25:02","slug":"la-perception","status":"publish","type":"post","link":"https:\/\/zatizi.com\/?p=2651","title":{"rendered":"La perception\u00a0?"},"content":{"rendered":"<p><em>Quelle est la diff\u00e9rence entre sensation et perception ?<\/em><\/p>\n<ol>\n<li>La <strong>sensation<\/strong> est la reconnaissance d&#8217;une <strong>information<\/strong>\u00a0(couleur, odeur, saveur, bruit, sensation tactile) venue de l&#8217;un de nos <strong>cinq sens<\/strong>,\u00a0d\u00e9j\u00e0 identifi\u00e9s par Aristote (vue, odorat, go\u00fbt, ou\u00efe, toucher).<\/li>\n<li>La <strong>perception<\/strong> est la reconnaissance, l&#8217;identification d&#8217;un <strong>objet<\/strong> (chose) du monde.<\/li>\n<\/ol>\n<p><em>La perception s&#8217;effectue-t-elle par un processus intellectuel ou par exp\u00e9rimentation\u00a0?<\/em><\/p>\n<ol>\n<li>Pour <strong>Descartes<\/strong>, la <strong>perception<\/strong> est une &#8220;inspection de l&#8217;esprit&#8221;, une <strong>intellection<\/strong> qui me permet de concevoir une chose (un cube de glace, un morceau de cire d&#8217;abeille) non seulement dans son <strong>apparence<\/strong> changeante (par exemple si on augmente la temp\u00e9rature), mais dans son <strong>essence<\/strong> immuable (ses propri\u00e9t\u00e9s essentielles).<\/li>\n<li>Pour les <strong>empiristes<\/strong> (Hume, Locke), la <strong>perception<\/strong> (id\u00e9e) d&#8217;une chose est faite de l&#8217;ensemble des <strong>sensations<\/strong> que l&#8217;on a associ\u00e9es \u00e0 cette chose par <strong>exp\u00e9rience<\/strong>.<\/li>\n<\/ol>\n<p><em>Quelles sont les 3 \u00e9tapes de la perception d&#8217;apr\u00e8s Husserl\u00a0?<\/em><\/p>\n<ol>\n<li>Pour Husserl, la conscience perceptive, ne r\u00e9duit ni \u00e0 une intellection, ni \u00e0 un ensemble de sensations, elle est <strong>intention<\/strong>, elle consiste d&#8217;abord \u00e0 viser une chose dans sa signification: &#8220;cela&#8221; que je vise a telle fonction.<\/li>\n<li>Cette vis\u00e9e est ensuite compl\u00e9t\u00e9e par <strong>esquisses<\/strong>, comme le ferait un peintre.<\/li>\n<li>La synth\u00e8se des diff\u00e9rentes perceptions permet l&#8217;<strong>identification<\/strong> de la chose per\u00e7ue avec la vis\u00e9e initiale: &#8220;ceci que je per\u00e7ois est bien cela que j&#8217;ai vis\u00e9&#8221;.<\/li>\n<\/ol>\n<p>&#8220;Je ne puis donner mon jugement que des choses qui me sont connues.&#8221;<br \/>\n\u2014 Ren\u00e9 Descartes<\/p>\n<p>&#8220;Il n&#8217;y a rien dans l&#8217;entendement, qui ne soit au pr\u00e9alable pass\u00e9 par les sens.&#8221;<br \/>\n(<em>Nothing is in the intellect that was not first in the senses<\/em>)<br \/>\n\u2014 John Locke<\/p>\n<p>&#8220;Ce n&#8217;est pas une propri\u00e9t\u00e9 fortuite de la chose ou un hasard de notre constitution humaine que notre perception ne puisse atteindre les choses elles-m\u00eames, que par l&#8217;interm\u00e9diaire de simples esquisses.&#8221;<br \/>\n\u2014 Edmund Husserl<\/p>\n","protected":false},"excerpt":{"rendered":"<p>Quelle est la diff\u00e9rence entre sensation et perception ? La sensation est la reconnaissance d&#8217;une information\u00a0(couleur, odeur, saveur, bruit, sensation tactile) venue de l&#8217;un de nos cinq sens,\u00a0d\u00e9j\u00e0 identifi\u00e9s par Aristote (vue, odorat, go\u00fbt, ou\u00efe, toucher). La perception est la reconnaissance, l&#8217;identification d&#8217;un objet (chose) du monde. La perception s&#8217;effectue-t-elle par un processus intellectuel ou [&hellip;]<\/p>\n","protected":false},"author":1,"featured_media":0,"comment_status":"open","ping_status":"open","sticky":false,"template":"","format":"standard","meta":{"footnotes":""},"categories":[43],"tags":[141,143,246,285,304,318,413,440,579,633,667],"persona":[],"class_list":["post-2651","post","type-post","status-publish","format-standard","hentry","category-philosophie-fr","tag-apparence","tag-aristote","tag-david-hume","tag-edmund-husserl","tag-empiristes","tag-essence","tag-intellection","tag-john-locke","tag-perception","tag-rene-descartes","tag-sensation","missing-thumbnail"],"_links":{"self":[{"href":"https:\/\/zatizi.com\/index.php?rest_route=\/wp\/v2\/posts\/2651","targetHints":{"allow":["GET"]}}],"collection":[{"href":"https:\/\/zatizi.com\/index.php?rest_route=\/wp\/v2\/posts"}],"about":[{"href":"https:\/\/zatizi.com\/index.php?rest_route=\/wp\/v2\/types\/post"}],"author":[{"embeddable":true,"href":"https:\/\/zatizi.com\/index.php?rest_route=\/wp\/v2\/users\/1"}],"replies":[{"embeddable":true,"href":"https:\/\/zatizi.com\/index.php?rest_route=%2Fwp%2Fv2%2Fcomments&post=2651"}],"version-history":[{"count":0,"href":"https:\/\/zatizi.com\/index.php?rest_route=\/wp\/v2\/posts\/2651\/revisions"}],"wp:attachment":[{"href":"https:\/\/zatizi.com\/index.php?rest_route=%2Fwp%2Fv2%2Fmedia&parent=2651"}],"wp:term":[{"taxonomy":"category","embeddable":true,"href":"https:\/\/zatizi.com\/index.php?rest_route=%2Fwp%2Fv2%2Fcategories&post=2651"},{"taxonomy":"post_tag","embeddable":true,"href":"https:\/\/zatizi.com\/index.php?rest_route=%2Fwp%2Fv2%2Ftags&post=2651"},{"taxonomy":"persona","embeddable":true,"href":"https:\/\/zatizi.com\/index.php?rest_route=%2Fwp%2Fv2%2Fpersona&post=2651"}],"curies":[{"name":"wp","href":"https:\/\/api.w.org\/{rel}","templated":true}]}}